{"id":9064,"date":"2026-04-26T20:54:24","date_gmt":"2026-04-26T17:54:24","guid":{"rendered":"https:\/\/valdef.org\/?p=9064"},"modified":"2026-04-26T21:19:42","modified_gmt":"2026-04-26T18:19:42","slug":"vanamoisa-kevadlaat-2026","status":"publish","type":"post","link":"https:\/\/valdef.org\/?p=9064","title":{"rendered":"Vanam\u00f5isa kevadlaat 2026"},"content":{"rendered":"<p>Sihtasutus Vabaallikate demokraatia fond, SA VALDEF, osaleb 1. ja 2. mail 2026. aasta Vanam\u00f5isa kevadlaadal Vanam\u00f5isa vaba\u00f5hukeskuses, mis asub Saue asumist 1,8 km kaugusel Vanam\u00f5isas.<\/p>\n<p>Me oleme v\u00e4ljas oma ugri p\u00e4randi meenetega nagu \u00f5un-meened, s\u00fcndinud ringi kondama t-s\u00e4rk ja P\u00f5lva kihelkonna vildist kaapk\u00fcbara pakkumistega.<\/p>\n<p>Oleme v\u00e4ljas k\u00e4sit\u00f6\u00f6 kaupade laadaplatsi osas, mis asub kahe peasissep\u00e4\u00e4su vahelisel alal.<\/p>\n<p>Olete v\u00e4ga teretulnud osalema laadal ja soetama meie pakutavaid tooteid.<\/p>\n<p>K\u00f5iki pakutavaid ugri p\u00e4randi meeneid on v\u00f5imalik soetada otse meie sihtasutuse poest aadressil &#8211;<\/p>\n<p><a href=\"https:\/\/pood.valdef.org\">https:\/\/pood.valdef.org<\/a><\/p>\n<p>&nbsp;<\/p>\n<p><a href=\"https:\/\/pood.valdef.org\"><img loading=\"lazy\" decoding=\"async\" class=\"alignnone size-full wp-image-9069\" src=\"https:\/\/valdef.org\/wp-content\/uploads\/2026\/04\/pood-valdef-org.jpg\" alt=\"pood.valdef.org\" width=\"2546\" height=\"993\" srcset=\"https:\/\/valdef.org\/wp-content\/uploads\/2026\/04\/pood-valdef-org.jpg 2546w, https:\/\/valdef.org\/wp-content\/uploads\/2026\/04\/pood-valdef-org-1280x499.jpg 1280w, https:\/\/valdef.org\/wp-content\/uploads\/2026\/04\/pood-valdef-org-768x300.jpg 768w, https:\/\/valdef.org\/wp-content\/uploads\/2026\/04\/pood-valdef-org-1536x599.jpg 1536w, https:\/\/valdef.org\/wp-content\/uploads\/2026\/04\/pood-valdef-org-2048x799.jpg 2048w\" sizes=\"auto, (max-width: 2546px) 100vw, 2546px\" \/><\/a><\/p>\n<p>&nbsp;<\/p>\n<blockquote class=\"wp-embedded-content\" data-secret=\"yL45eGHtMs\"><p><a href=\"https:\/\/pood.valdef.org\/product\/sundinud-ringi-kondaja-dnipro-tammjase-kiil-kirja-kirjad\/\">ringi kondaja s\u00fcndinud. Dnipro tammjase kiil kirja kirjades s\u00e4rk.<\/a><\/p><\/blockquote>\n<p><iframe loading=\"lazy\" class=\"wp-embedded-content\" sandbox=\"allow-scripts\" security=\"restricted\" style=\"position: absolute; visibility: hidden;\" title=\"&#8220;ringi kondaja s\u00fcndinud. Dnipro tammjase kiil kirja kirjades s\u00e4rk.&#8221; &#8212; Pood SA VALDEF\" src=\"https:\/\/pood.valdef.org\/product\/sundinud-ringi-kondaja-dnipro-tammjase-kiil-kirja-kirjad\/embed\/#?secret=PZi1TdUDhA#?secret=yL45eGHtMs\" data-secret=\"yL45eGHtMs\" width=\"600\" height=\"338\" frameborder=\"0\" marginwidth=\"0\" marginheight=\"0\" scrolling=\"no\"><\/iframe><\/p>\n<p>&nbsp;<\/p>\n<blockquote class=\"wp-embedded-content\" data-secret=\"1dv0G2hIRL\"><p><a href=\"https:\/\/pood.valdef.org\/product\/oun-ehe-vildist\/\">\u00d5un-ehe, vildist.<\/a><\/p><\/blockquote>\n<p><iframe loading=\"lazy\" class=\"wp-embedded-content\" sandbox=\"allow-scripts\" security=\"restricted\" style=\"position: absolute; visibility: hidden;\" title=\"&#8220;\u00d5un-ehe, vildist.&#8221; &#8212; Pood SA VALDEF\" src=\"https:\/\/pood.valdef.org\/product\/oun-ehe-vildist\/embed\/#?secret=tE58MmW9Sg#?secret=1dv0G2hIRL\" data-secret=\"1dv0G2hIRL\" width=\"600\" height=\"338\" frameborder=\"0\" marginwidth=\"0\" marginheight=\"0\" scrolling=\"no\"><\/iframe><\/p>\n<p>&nbsp;<\/p>\n<blockquote class=\"wp-embedded-content\" data-secret=\"Ib9fFIpdkK\"><p><a href=\"https:\/\/pood.valdef.org\/product\/polva-kihelkonna-kaapkubar\/\">P\u00f5lva kihelkonna kaapk\u00fcbar<\/a><\/p><\/blockquote>\n<p><iframe loading=\"lazy\" class=\"wp-embedded-content\" sandbox=\"allow-scripts\" security=\"restricted\" style=\"position: absolute; visibility: hidden;\" title=\"&#8220;P\u00f5lva kihelkonna kaapk\u00fcbar&#8221; &#8212; Pood SA VALDEF\" src=\"https:\/\/pood.valdef.org\/product\/polva-kihelkonna-kaapkubar\/embed\/#?secret=W0eSTFdkQZ#?secret=Ib9fFIpdkK\" data-secret=\"Ib9fFIpdkK\" width=\"600\" height=\"338\" frameborder=\"0\" marginwidth=\"0\" marginheight=\"0\" scrolling=\"no\"><\/iframe><\/p>\n<p>&nbsp;<\/p>\n<p>&nbsp;<\/p>\n","protected":false},"excerpt":{"rendered":"<p>Sihtasutus Vabaallikate demokraatia fond, SA VALDEF, osaleb 1. ja 2. mail 2026. aasta Vanam\u00f5isa kevadlaadal Vanam\u00f5isa vaba\u00f5hukeskuses, mis asub Saue asumist 1,8 km kaugusel Vanam\u00f5isas. Me oleme v\u00e4ljas oma ugri p\u00e4randi meenetega nagu \u00f5un-meened, s\u00fcndinud ringi kondama t-s\u00e4rk ja P\u00f5lva&#8230;<\/p>\n","protected":false},"author":4,"featured_media":9065,"comment_status":"open","ping_status":"closed","sticky":false,"template":"","format":"image","meta":{"footnotes":""},"categories":[1412],"tags":[1496,1499,1507,1469,1483,1495,1489,1509,1510,863,1470,1508,1506],"class_list":["post-9064","post","type-post","status-publish","format-image","has-post-thumbnail","hentry","category-savaldef","tag-ehe-patt-ounad","tag-kaapkubar","tag-kevadlaat","tag-meie-ugri-parand","tag-oun-ehe","tag-oun-meened","tag-oun-patu","tag-sundinud-ringikondaja","tag-t-sargid","tag-ugri","tag-ugri-parand","tag-ugri-parandi-meened","tag-vanamoisa","post_format-post-format-image"],"_links":{"self":[{"href":"https:\/\/valdef.org\/index.php?rest_route=\/wp\/v2\/posts\/9064","targetHints":{"allow":["GET"]}}],"collection":[{"href":"https:\/\/valdef.org\/index.php?rest_route=\/wp\/v2\/posts"}],"about":[{"href":"https:\/\/valdef.org\/index.php?rest_route=\/wp\/v2\/types\/post"}],"author":[{"embeddable":true,"href":"https:\/\/valdef.org\/index.php?rest_route=\/wp\/v2\/users\/4"}],"replies":[{"embeddable":true,"href":"https:\/\/valdef.org\/index.php?rest_route=%2Fwp%2Fv2%2Fcomments&post=9064"}],"version-history":[{"count":3,"href":"https:\/\/valdef.org\/index.php?rest_route=\/wp\/v2\/posts\/9064\/revisions"}],"predecessor-version":[{"id":9075,"href":"https:\/\/valdef.org\/index.php?rest_route=\/wp\/v2\/posts\/9064\/revisions\/9075"}],"wp:featuredmedia":[{"embeddable":true,"href":"https:\/\/valdef.org\/index.php?rest_route=\/wp\/v2\/media\/9065"}],"wp:attachment":[{"href":"https:\/\/valdef.org\/index.php?rest_route=%2Fwp%2Fv2%2Fmedia&parent=9064"}],"wp:term":[{"taxonomy":"category","embeddable":true,"href":"https:\/\/valdef.org\/index.php?rest_route=%2Fwp%2Fv2%2Fcategories&post=9064"},{"taxonomy":"post_tag","embeddable":true,"href":"https:\/\/valdef.org\/index.php?rest_route=%2Fwp%2Fv2%2Ftags&post=9064"}],"curies":[{"name":"wp","href":"https:\/\/api.w.org\/{rel}","templated":true}]}}